{"id":3915,"date":"2015-04-14T06:42:41","date_gmt":"2015-04-14T04:42:41","guid":{"rendered":"http:\/\/www.charmedbyspain.com\/?p=3915"},"modified":"2015-04-18T16:53:43","modified_gmt":"2015-04-18T14:53:43","slug":"viajar-con-ninos-pequenos","status":"publish","type":"post","link":"https:\/\/www.charmedbyspain.com\/es\/viajar-con-ninos-pequenos\/","title":{"rendered":"Viajar con ni\u00f1os peque\u00f1os"},"content":{"rendered":"<p style=\"text-align: justify;\">Siempre me he considerado una viajera nata. Soy feliz cual perdiz probando cocina ex\u00f3tica, intentando comunicarme en otros idiomas, y sobretodo conociendo personas y culturas diferentes. Me gusta incluso hacer y deshacer la maleta, y los medios de transporte son para m\u00ed como el seno materno&#8230;en serio, yo, que normalmente consigo con esfuerzo dormir 6 horas\u00a0en mi propia cama, puedo roncar satisfecha durante 8 horas de un tir\u00f3n bien arrebujada en un asiento de cualquier vuelo transoce\u00e1nico.<\/p>\n<p style=\"text-align: justify;\">Durante muchos a\u00f1os he podido disfrutar de mi pasi\u00f3n, por trabajo o placer, con la aprobaci\u00f3n y apoyo entusiasta de mi esposo, a quien nada le gusta m\u00e1s que traspasar fronteras, hasta que, har\u00e1 unos dos a\u00f1os, descubrimos con alegr\u00eda que \u00edbamos a ser padres. Cuando comunicamos la noticia a amigos y familiares nos quedamos de piedra.\u00a0Tras las felicitaciones de rigor todo el mundo tuvo a bien informarnos- con medias sonrisas un tanto paternales- de que pod\u00edamos ir haci\u00e9ndonos a la idea de quedarnos en casa, al menos durante varios a\u00f1os&#8230;<\/p>\n<blockquote>\n<p style=\"text-align: justify;\">De alg\u00fan modo, convertirte en mam\u00e1 es como ser sospechosa de asesinato en las pel\u00edculas: se te aconseja seriamente que no dejes la ciudad&#8230;<\/p>\n<\/blockquote>\n<p style=\"text-align: justify;\">Afortunadamente, debo decir que pese a todas las predicciones en contra, soy la orgullosa mam\u00e1 de un Marco Polo de 17 meses (bueno, un Marco Polo hembra en todo caso), que adora viajar tanto como sus papis. Mi beb\u00e9 soporta aterrizajes y despegues mucho mejor que yo (yo siempre tengo una especie de pitido en el o\u00eddo que ella no parece haber heredado), y le encanta el AVE (tren de Alta Velocidad de Espa\u00f1a), donde puede correr pasillo abajo, tambale\u00e1ndose como si hubiera bebido, mientras dice hola a todos los pasajeros (que siempre le sonr\u00eden) e intenta zafarse de mi, que hago lo que puedo para que no se caiga.<\/p>\n<p style=\"text-align: justify;\">Quiz\u00e1s a esta edad los ni\u00f1os no lleguen a desarrollar recuerdos duraderos de un viaje. Quiz\u00e1s no se \u00abbeneficien\u00bb del mismo tipo de experiencia vital que pueda tener un adulto o un ni\u00f1o mayor, pero al mismo tiempo, me he dado cuenta de que son mucho m\u00e1s abiertos que nosotros, est\u00e1n llenos de curiosidad, no rechazan nada, todo les asombra&#8230;y no echan de menos el hogar. Se dice que tu hogar est\u00e1 donde est\u00e1 tu coraz\u00f3n, y cuando un beb\u00e9 viaja con mam\u00e1 y pap\u00e1, su hogar est\u00e1 con \u00e9l.<\/p>\n<p style=\"text-align: justify;\">Por pura necesidad, he acabado por recopilar mucha informaci\u00f3n acerca de restaurantes, hoteles y actividades que disfrutar con beb\u00e9s o ni\u00f1os peque\u00f1os, e intentar\u00e9 compartirla en otros posts.<\/p>\n<p style=\"text-align: justify;\">Si has decidido posponer tu viaje so\u00f1ado a Espa\u00f1a (o a cualquier otro lugar) hasta que tu beb\u00e9 crezca y sea independiente, puedes estar perdiendo la oportunidad de compartir unos momentos incre\u00edbles y formar un v\u00ednculo a\u00fan mayor; al fin y al cabo puedes comprar pa\u00f1ales en cualquier lugar, podemos conseguir sillitas de coche o cochecitos de paseo, tronas en los restaurantes&#8230; si contactas con nosotros, estaremos encantados de organizar un viaje memorable para tres- o cuatro, o cinco&#8230;<\/p>\n<!-- AddThis Advanced Settings generic via filter on the_content --><!-- AddThis Share Buttons generic via filter on the_content -->","protected":false},"excerpt":{"rendered":"<p>Siempre me he considerado una viajera nata. Soy feliz cual perdiz probando cocina ex\u00f3tica, intentando comunicarme en otros idiomas, y sobretodo conociendo personas y culturas diferentes. Me gusta incluso hacer y deshacer la maleta, y los medios de transporte son para m\u00ed como el seno materno&#8230;en [&hellip;]<!-- AddThis Advanced Settings generic via filter on get_the_excerpt --><!-- AddThis Share Buttons generic via filter on get_the_excerpt --><\/p>\n","protected":false},"author":2,"featured_media":3515,"comment_status":"open","ping_status":"open","sticky":false,"template":"","format":"standard","meta":{"_monsterinsights_skip_tracking":false,"_monsterinsights_sitenote_active":false,"_monsterinsights_sitenote_note":"","_monsterinsights_sitenote_category":0,"footnotes":""},"categories":[32],"tags":[],"class_list":["post-3915","post","type-post","status-publish","format-standard","has-post-thumbnail","hentry","category-sin-categoria"],"yoast_head":"<!-- This site is optimized with the Yoast SEO plugin v27.4 - https:\/\/yoast.com\/product\/yoast-seo-wordpress\/ -->\n<title>Viajar con ni\u00f1os peque\u00f1os - CHARMED BY SPAIN<\/title>\n<meta name=\"robots\" content=\"index, follow, max-snippet:-1, max-image-preview:large, max-video-preview:-1\" \/>\n<link rel=\"canonical\" href=\"https:\/\/www.charmedbyspain.com\/es\/viajar-con-ninos-pequenos\/\" \/>\n<meta property=\"og:locale\" content=\"es_ES\" \/>\n<meta property=\"og:type\" content=\"article\" \/>\n<meta property=\"og:title\" content=\"Viajar con ni\u00f1os peque\u00f1os - CHARMED BY SPAIN\" \/>\n<meta property=\"og:description\" content=\"Siempre me he considerado una viajera nata. Soy feliz cual perdiz probando cocina ex\u00f3tica, intentando comunicarme en otros idiomas, y sobretodo conociendo personas y culturas diferentes. Me gusta incluso hacer y deshacer la maleta, y los medios de transporte son para m\u00ed como el seno materno&#8230;en [&hellip;]\" \/>\n<meta property=\"og:url\" content=\"https:\/\/www.charmedbyspain.com\/es\/viajar-con-ninos-pequenos\/\" \/>\n<meta property=\"og:site_name\" content=\"CHARMED BY SPAIN\" \/>\n<meta property=\"article:published_time\" content=\"2015-04-14T04:42:41+00:00\" \/>\n<meta property=\"article:modified_time\" content=\"2015-04-18T14:53:43+00:00\" \/>\n<meta property=\"og:image\" content=\"https:\/\/www.charmedbyspain.com\/wp-content\/uploads\/2015\/03\/Travelling-with-kids.jpg\" \/>\n\t<meta property=\"og:image:width\" content=\"1500\" \/>\n\t<meta property=\"og:image:height\" content=\"1125\" \/>\n\t<meta property=\"og:image:type\" content=\"image\/jpeg\" \/>\n<meta name=\"author\" content=\"Charmed by Spain\" \/>\n<meta name=\"twitter:label1\" content=\"Escrito por\" \/>\n\t<meta name=\"twitter:data1\" content=\"Charmed by Spain\" \/>\n\t<meta name=\"twitter:label2\" content=\"Tiempo de lectura\" \/>\n\t<meta name=\"twitter:data2\" content=\"3 minutos\" \/>\n<script type=\"application\/ld+json\" class=\"yoast-schema-graph\">{\"@context\":\"https:\\\/\\\/schema.org\",\"@graph\":[{\"@type\":\"Article\",\"@id\":\"https:\\\/\\\/www.charmedbyspain.com\\\/es\\\/viajar-con-ninos-pequenos\\\/#article\",\"isPartOf\":{\"@id\":\"https:\\\/\\\/www.charmedbyspain.com\\\/es\\\/viajar-con-ninos-pequenos\\\/\"},\"author\":{\"name\":\"Charmed by Spain\",\"@id\":\"http:\\\/\\\/www.charmedbyspain.com\\\/#\\\/schema\\\/person\\\/637ffad368dbb121dccf7d8420572b02\"},\"headline\":\"Viajar con ni\u00f1os peque\u00f1os\",\"datePublished\":\"2015-04-14T04:42:41+00:00\",\"dateModified\":\"2015-04-18T14:53:43+00:00\",\"mainEntityOfPage\":{\"@id\":\"https:\\\/\\\/www.charmedbyspain.com\\\/es\\\/viajar-con-ninos-pequenos\\\/\"},\"wordCount\":541,\"commentCount\":1,\"image\":{\"@id\":\"https:\\\/\\\/www.charmedbyspain.com\\\/es\\\/viajar-con-ninos-pequenos\\\/#primaryimage\"},\"thumbnailUrl\":\"https:\\\/\\\/www.charmedbyspain.com\\\/wp-content\\\/uploads\\\/2015\\\/03\\\/Travelling-with-kids.jpg\",\"inLanguage\":\"es\",\"potentialAction\":[{\"@type\":\"CommentAction\",\"name\":\"Comment\",\"target\":[\"https:\\\/\\\/www.charmedbyspain.com\\\/es\\\/viajar-con-ninos-pequenos\\\/#respond\"]}]},{\"@type\":\"WebPage\",\"@id\":\"https:\\\/\\\/www.charmedbyspain.com\\\/es\\\/viajar-con-ninos-pequenos\\\/\",\"url\":\"https:\\\/\\\/www.charmedbyspain.com\\\/es\\\/viajar-con-ninos-pequenos\\\/\",\"name\":\"Viajar con ni\u00f1os peque\u00f1os - CHARMED BY SPAIN\",\"isPartOf\":{\"@id\":\"http:\\\/\\\/www.charmedbyspain.com\\\/#website\"},\"primaryImageOfPage\":{\"@id\":\"https:\\\/\\\/www.charmedbyspain.com\\\/es\\\/viajar-con-ninos-pequenos\\\/#primaryimage\"},\"image\":{\"@id\":\"https:\\\/\\\/www.charmedbyspain.com\\\/es\\\/viajar-con-ninos-pequenos\\\/#primaryimage\"},\"thumbnailUrl\":\"https:\\\/\\\/www.charmedbyspain.com\\\/wp-content\\\/uploads\\\/2015\\\/03\\\/Travelling-with-kids.jpg\",\"datePublished\":\"2015-04-14T04:42:41+00:00\",\"dateModified\":\"2015-04-18T14:53:43+00:00\",\"author\":{\"@id\":\"http:\\\/\\\/www.charmedbyspain.com\\\/#\\\/schema\\\/person\\\/637ffad368dbb121dccf7d8420572b02\"},\"breadcrumb\":{\"@id\":\"https:\\\/\\\/www.charmedbyspain.com\\\/es\\\/viajar-con-ninos-pequenos\\\/#breadcrumb\"},\"inLanguage\":\"es\",\"potentialAction\":[{\"@type\":\"ReadAction\",\"target\":[\"https:\\\/\\\/www.charmedbyspain.com\\\/es\\\/viajar-con-ninos-pequenos\\\/\"]}]},{\"@type\":\"ImageObject\",\"inLanguage\":\"es\",\"@id\":\"https:\\\/\\\/www.charmedbyspain.com\\\/es\\\/viajar-con-ninos-pequenos\\\/#primaryimage\",\"url\":\"https:\\\/\\\/www.charmedbyspain.com\\\/wp-content\\\/uploads\\\/2015\\\/03\\\/Travelling-with-kids.jpg\",\"contentUrl\":\"https:\\\/\\\/www.charmedbyspain.com\\\/wp-content\\\/uploads\\\/2015\\\/03\\\/Travelling-with-kids.jpg\",\"width\":1500,\"height\":1125},{\"@type\":\"BreadcrumbList\",\"@id\":\"https:\\\/\\\/www.charmedbyspain.com\\\/es\\\/viajar-con-ninos-pequenos\\\/#breadcrumb\",\"itemListElement\":[{\"@type\":\"ListItem\",\"position\":1,\"name\":\"Home\",\"item\":\"https:\\\/\\\/www.charmedbyspain.com\\\/es\\\/\"},{\"@type\":\"ListItem\",\"position\":2,\"name\":\"Viajar con ni\u00f1os peque\u00f1os\"}]},{\"@type\":\"WebSite\",\"@id\":\"http:\\\/\\\/www.charmedbyspain.com\\\/#website\",\"url\":\"http:\\\/\\\/www.charmedbyspain.com\\\/\",\"name\":\"CHARMED BY SPAIN\",\"description\":\"A dedicated team, experts in Taylor made luxury travel in Spain\",\"potentialAction\":[{\"@type\":\"SearchAction\",\"target\":{\"@type\":\"EntryPoint\",\"urlTemplate\":\"http:\\\/\\\/www.charmedbyspain.com\\\/?s={search_term_string}\"},\"query-input\":{\"@type\":\"PropertyValueSpecification\",\"valueRequired\":true,\"valueName\":\"search_term_string\"}}],\"inLanguage\":\"es\"},{\"@type\":\"Person\",\"@id\":\"http:\\\/\\\/www.charmedbyspain.com\\\/#\\\/schema\\\/person\\\/637ffad368dbb121dccf7d8420572b02\",\"name\":\"Charmed by Spain\",\"image\":{\"@type\":\"ImageObject\",\"inLanguage\":\"es\",\"@id\":\"https:\\\/\\\/secure.gravatar.com\\\/avatar\\\/9eb137f1bcd3a23f341f8bf43656e1204f5927a964788c929335465c71232215?s=96&d=mm&r=g\",\"url\":\"https:\\\/\\\/secure.gravatar.com\\\/avatar\\\/9eb137f1bcd3a23f341f8bf43656e1204f5927a964788c929335465c71232215?s=96&d=mm&r=g\",\"contentUrl\":\"https:\\\/\\\/secure.gravatar.com\\\/avatar\\\/9eb137f1bcd3a23f341f8bf43656e1204f5927a964788c929335465c71232215?s=96&d=mm&r=g\",\"caption\":\"Charmed by Spain\"},\"url\":\"https:\\\/\\\/www.charmedbyspain.com\\\/es\\\/author\\\/cliente\\\/\"}]}<\/script>\n<!-- \/ Yoast SEO plugin. -->","yoast_head_json":{"title":"Viajar con ni\u00f1os peque\u00f1os - CHARMED BY SPAIN","robots":{"index":"index","follow":"follow","max-snippet":"max-snippet:-1","max-image-preview":"max-image-preview:large","max-video-preview":"max-video-preview:-1"},"canonical":"https:\/\/www.charmedbyspain.com\/es\/viajar-con-ninos-pequenos\/","og_locale":"es_ES","og_type":"article","og_title":"Viajar con ni\u00f1os peque\u00f1os - CHARMED BY SPAIN","og_description":"Siempre me he considerado una viajera nata. Soy feliz cual perdiz probando cocina ex\u00f3tica, intentando comunicarme en otros idiomas, y sobretodo conociendo personas y culturas diferentes. Me gusta incluso hacer y deshacer la maleta, y los medios de transporte son para m\u00ed como el seno materno&#8230;en [&hellip;]","og_url":"https:\/\/www.charmedbyspain.com\/es\/viajar-con-ninos-pequenos\/","og_site_name":"CHARMED BY SPAIN","article_published_time":"2015-04-14T04:42:41+00:00","article_modified_time":"2015-04-18T14:53:43+00:00","og_image":[{"width":1500,"height":1125,"url":"https:\/\/www.charmedbyspain.com\/wp-content\/uploads\/2015\/03\/Travelling-with-kids.jpg","type":"image\/jpeg"}],"author":"Charmed by Spain","twitter_misc":{"Escrito por":"Charmed by Spain","Tiempo de lectura":"3 minutos"},"schema":{"@context":"https:\/\/schema.org","@graph":[{"@type":"Article","@id":"https:\/\/www.charmedbyspain.com\/es\/viajar-con-ninos-pequenos\/#article","isPartOf":{"@id":"https:\/\/www.charmedbyspain.com\/es\/viajar-con-ninos-pequenos\/"},"author":{"name":"Charmed by Spain","@id":"http:\/\/www.charmedbyspain.com\/#\/schema\/person\/637ffad368dbb121dccf7d8420572b02"},"headline":"Viajar con ni\u00f1os peque\u00f1os","datePublished":"2015-04-14T04:42:41+00:00","dateModified":"2015-04-18T14:53:43+00:00","mainEntityOfPage":{"@id":"https:\/\/www.charmedbyspain.com\/es\/viajar-con-ninos-pequenos\/"},"wordCount":541,"commentCount":1,"image":{"@id":"https:\/\/www.charmedbyspain.com\/es\/viajar-con-ninos-pequenos\/#primaryimage"},"thumbnailUrl":"https:\/\/www.charmedbyspain.com\/wp-content\/uploads\/2015\/03\/Travelling-with-kids.jpg","inLanguage":"es","potentialAction":[{"@type":"CommentAction","name":"Comment","target":["https:\/\/www.charmedbyspain.com\/es\/viajar-con-ninos-pequenos\/#respond"]}]},{"@type":"WebPage","@id":"https:\/\/www.charmedbyspain.com\/es\/viajar-con-ninos-pequenos\/","url":"https:\/\/www.charmedbyspain.com\/es\/viajar-con-ninos-pequenos\/","name":"Viajar con ni\u00f1os peque\u00f1os - CHARMED BY SPAIN","isPartOf":{"@id":"http:\/\/www.charmedbyspain.com\/#website"},"primaryImageOfPage":{"@id":"https:\/\/www.charmedbyspain.com\/es\/viajar-con-ninos-pequenos\/#primaryimage"},"image":{"@id":"https:\/\/www.charmedbyspain.com\/es\/viajar-con-ninos-pequenos\/#primaryimage"},"thumbnailUrl":"https:\/\/www.charmedbyspain.com\/wp-content\/uploads\/2015\/03\/Travelling-with-kids.jpg","datePublished":"2015-04-14T04:42:41+00:00","dateModified":"2015-04-18T14:53:43+00:00","author":{"@id":"http:\/\/www.charmedbyspain.com\/#\/schema\/person\/637ffad368dbb121dccf7d8420572b02"},"breadcrumb":{"@id":"https:\/\/www.charmedbyspain.com\/es\/viajar-con-ninos-pequenos\/#breadcrumb"},"inLanguage":"es","potentialAction":[{"@type":"ReadAction","target":["https:\/\/www.charmedbyspain.com\/es\/viajar-con-ninos-pequenos\/"]}]},{"@type":"ImageObject","inLanguage":"es","@id":"https:\/\/www.charmedbyspain.com\/es\/viajar-con-ninos-pequenos\/#primaryimage","url":"https:\/\/www.charmedbyspain.com\/wp-content\/uploads\/2015\/03\/Travelling-with-kids.jpg","contentUrl":"https:\/\/www.charmedbyspain.com\/wp-content\/uploads\/2015\/03\/Travelling-with-kids.jpg","width":1500,"height":1125},{"@type":"BreadcrumbList","@id":"https:\/\/www.charmedbyspain.com\/es\/viajar-con-ninos-pequenos\/#breadcrumb","itemListElement":[{"@type":"ListItem","position":1,"name":"Home","item":"https:\/\/www.charmedbyspain.com\/es\/"},{"@type":"ListItem","position":2,"name":"Viajar con ni\u00f1os peque\u00f1os"}]},{"@type":"WebSite","@id":"http:\/\/www.charmedbyspain.com\/#website","url":"http:\/\/www.charmedbyspain.com\/","name":"CHARMED BY SPAIN","description":"A dedicated team, experts in Taylor made luxury travel in Spain","potentialAction":[{"@type":"SearchAction","target":{"@type":"EntryPoint","urlTemplate":"http:\/\/www.charmedbyspain.com\/?s={search_term_string}"},"query-input":{"@type":"PropertyValueSpecification","valueRequired":true,"valueName":"search_term_string"}}],"inLanguage":"es"},{"@type":"Person","@id":"http:\/\/www.charmedbyspain.com\/#\/schema\/person\/637ffad368dbb121dccf7d8420572b02","name":"Charmed by Spain","image":{"@type":"ImageObject","inLanguage":"es","@id":"https:\/\/secure.gravatar.com\/avatar\/9eb137f1bcd3a23f341f8bf43656e1204f5927a964788c929335465c71232215?s=96&d=mm&r=g","url":"https:\/\/secure.gravatar.com\/avatar\/9eb137f1bcd3a23f341f8bf43656e1204f5927a964788c929335465c71232215?s=96&d=mm&r=g","contentUrl":"https:\/\/secure.gravatar.com\/avatar\/9eb137f1bcd3a23f341f8bf43656e1204f5927a964788c929335465c71232215?s=96&d=mm&r=g","caption":"Charmed by Spain"},"url":"https:\/\/www.charmedbyspain.com\/es\/author\/cliente\/"}]}},"_links":{"self":[{"href":"https:\/\/www.charmedbyspain.com\/es\/wp-json\/wp\/v2\/posts\/3915","targetHints":{"allow":["GET"]}}],"collection":[{"href":"https:\/\/www.charmedbyspain.com\/es\/wp-json\/wp\/v2\/posts"}],"about":[{"href":"https:\/\/www.charmedbyspain.com\/es\/wp-json\/wp\/v2\/types\/post"}],"author":[{"embeddable":true,"href":"https:\/\/www.charmedbyspain.com\/es\/wp-json\/wp\/v2\/users\/2"}],"replies":[{"embeddable":true,"href":"https:\/\/www.charmedbyspain.com\/es\/wp-json\/wp\/v2\/comments?post=3915"}],"version-history":[{"count":5,"href":"https:\/\/www.charmedbyspain.com\/es\/wp-json\/wp\/v2\/posts\/3915\/revisions"}],"predecessor-version":[{"id":4066,"href":"https:\/\/www.charmedbyspain.com\/es\/wp-json\/wp\/v2\/posts\/3915\/revisions\/4066"}],"wp:featuredmedia":[{"embeddable":true,"href":"https:\/\/www.charmedbyspain.com\/es\/wp-json\/wp\/v2\/media\/3515"}],"wp:attachment":[{"href":"https:\/\/www.charmedbyspain.com\/es\/wp-json\/wp\/v2\/media?parent=3915"}],"wp:term":[{"taxonomy":"category","embeddable":true,"href":"https:\/\/www.charmedbyspain.com\/es\/wp-json\/wp\/v2\/categories?post=3915"},{"taxonomy":"post_tag","embeddable":true,"href":"https:\/\/www.charmedbyspain.com\/es\/wp-json\/wp\/v2\/tags?post=3915"}],"curies":[{"name":"wp","href":"https:\/\/api.w.org\/{rel}","templated":true}]}}