{"id":4202,"date":"2015-05-22T17:50:24","date_gmt":"2015-05-22T15:50:24","guid":{"rendered":"http:\/\/www.charmedbyspain.com\/?p=4202"},"modified":"2015-05-24T08:44:24","modified_gmt":"2015-05-24T06:44:24","slug":"una-habitacion-con-vistas","status":"publish","type":"post","link":"https:\/\/www.charmedbyspain.com\/es\/una-habitacion-con-vistas\/","title":{"rendered":"Una habitaci\u00f3n con vistas"},"content":{"rendered":"<p style=\"text-align: justify;\">Cuando E.M. Forster escribi\u00f3 su obra maestra en 1908, eligi\u00f3 un planteamiento aparentemente fr\u00edvolo como punto de partida: Lucy -su joven protagonista-\u00a0y su\u00a0prima Charlotte, de viaje por Italia,\u00a0sufren una decepci\u00f3n cuando su hotel en Florencia les facilita una habitaci\u00f3n que da a un patio interior, en lugar de la \u00abhabitaci\u00f3n con vistas\u00bb al r\u00edo Arno que al parecer les hab\u00eda sido prometida.<\/p>\n<p style=\"text-align: justify;\">Estos \u00abTours Europeos\u00bb\u00a0parecen haber sido la costumbre\u00a0entre la juventud de\u00a0la alta sociedad inglesa y americana de la \u00e9poca, que viajaba al extranjero con el encomiable prop\u00f3sito de admirar las obras cumbre de la Arquitectura y el Arte, conocer diferentes culturas, y sobretodo expandir sus horizontes al entrar en la edad adulta.<\/p>\n<p style=\"text-align: justify;\">Mucho ha cambiado para mejor desde inicios del siglo XX, y\u00a0\u00a0el turismo es ahora accesible a gran parte de la poblaci\u00f3n, pero en\u00a0una \u00e9poca\u00a0en la que cualquiera puede tomar un avi\u00f3n y estar a miles de kil\u00f3metros de distancia en unas pocas horas, siento una especie de afecto por\u00a0aquellos tiempos\u00a0en los que los viajes se alargaban durante meses y meses, representando un verdadero rito de iniciaci\u00f3n no s\u00f3lo a la madurez, sino en cierta forma a la sabidur\u00eda&#8230;<\/p>\n<p style=\"text-align: justify;\"><a href=\"http:\/\/www.charmedbyspain.com\/wp-content\/uploads\/2015\/05\/Bedroom-hotel-las-arenas.jpg\"><img loading=\"lazy\" decoding=\"async\" class=\"alignleft wp-image-4195\" src=\"http:\/\/www.charmedbyspain.com\/wp-content\/uploads\/2015\/05\/Bedroom-hotel-las-arenas-300x186.jpg\" alt=\"Bedroom hotel las arenas\" width=\"400\" height=\"248\" srcset=\"https:\/\/www.charmedbyspain.com\/wp-content\/uploads\/2015\/05\/Bedroom-hotel-las-arenas-300x186.jpg 300w, https:\/\/www.charmedbyspain.com\/wp-content\/uploads\/2015\/05\/Bedroom-hotel-las-arenas-440x273.jpg 440w, https:\/\/www.charmedbyspain.com\/wp-content\/uploads\/2015\/05\/Bedroom-hotel-las-arenas.jpg 620w\" sizes=\"auto, (max-width: 400px) 100vw, 400px\" \/><\/a><\/p>\n<p style=\"text-align: justify;\">Las vistas del t\u00edtulo pueden ser literales o metaf\u00f3ricas -vistas sobre un r\u00edo o una visi\u00f3n nueva del mundo- si me fuerzan a elegir, yo siempre escoger\u00eda la segunda opci\u00f3n, al fin y al cabo creo que viajar es un cambio de paisaje mental tanto o m\u00e1s que geogr\u00e1fico&#8230; pero si puedo, prefiero tenerlo todo, \u00a1la nueva visi\u00f3n y la hermosa vista!<\/p>\n<p style=\"text-align: justify;\">He estado alojada en habitaciones en la que pod\u00eda ver las estrellas tumbada en la cama a trav\u00e9s de una ventana panor\u00e1mica en el techo encima justo de mi cabeza. Habitaciones con una relajante e hipn\u00f3tica vista de las aguas turquesa del mar Mediterr\u00e1neo, o una\u00a0animada visi\u00f3n del ajetreado coraz\u00f3n de la ciudad. Hay algo\u00a0m\u00e1gico en poder disfrutar de las luces y el movimiento de una metr\u00f3polis desconocida mientras sorbes un caf\u00e9 en la intimidad de tu dormitorio; algo que combina la agradable excitaci\u00f3n de la aventura, con esa sensaci\u00f3n de paz y bienestar que proporcionan la calidez y el confort&#8230;<\/p>\n<p style=\"text-align: justify;\">Tambi\u00e9n hay habitaciones que son verdaderos palcos a iconos arquitect\u00f3nicos, como famosas Catedrales o Museos. Habitaciones asombrosas en las que te despiertas con la estimulante sensaci\u00f3n de que te encuentras exactamente donde quieres estar.<a href=\"http:\/\/www.charmedbyspain.com\/wp-content\/uploads\/2015\/05\/silken-gran-domine-bilbao.jpg\"><img loading=\"lazy\" decoding=\"async\" class=\"aligncenter wp-image-4196 size-full\" src=\"http:\/\/www.charmedbyspain.com\/wp-content\/uploads\/2015\/05\/silken-gran-domine-bilbao.jpg\" alt=\"silken-gran-domine-bilbao\" width=\"429\" height=\"244\" srcset=\"https:\/\/www.charmedbyspain.com\/wp-content\/uploads\/2015\/05\/silken-gran-domine-bilbao.jpg 429w, https:\/\/www.charmedbyspain.com\/wp-content\/uploads\/2015\/05\/silken-gran-domine-bilbao-300x171.jpg 300w\" sizes=\"auto, (max-width: 429px) 100vw, 429px\" \/><\/a><\/p>\n<p style=\"text-align: justify;\">Si la querida se\u00f1orita Lucy hubiera confiado su viaje a\u00a0Charmed by Spain, el pobre se\u00f1or E.M Forster tendr\u00eda que haberse replanteado el comienzo de su novela&#8230; \u00a1nosotros le hubi\u00e9ramos asegurado una habitaci\u00f3n con vistas incre\u00edbles!, aunque -tal y como se desarrolla la novela- eso hubiera sido una pena, ya que podr\u00eda haber perdido la oportunidad de disfrutar la mejor vista que puedes tener al despertar por la ma\u00f1ana: el rostro de la persona amada.<\/p>\n<p>&nbsp;<\/p>\n<!-- AddThis Advanced Settings generic via filter on the_content --><!-- AddThis Share Buttons generic via filter on the_content -->","protected":false},"excerpt":{"rendered":"<p>Cuando E.M. Forster escribi\u00f3 su obra maestra en 1908, eligi\u00f3 un planteamiento aparentemente fr\u00edvolo como punto de partida: Lucy -su joven protagonista-\u00a0y su\u00a0prima Charlotte, de viaje por Italia,\u00a0sufren una decepci\u00f3n cuando su hotel en Florencia les facilita una habitaci\u00f3n que da a un patio interior, en [&hellip;]<!-- AddThis Advanced Settings generic via filter on get_the_excerpt --><!-- AddThis Share Buttons generic via filter on get_the_excerpt --><\/p>\n","protected":false},"author":2,"featured_media":4194,"comment_status":"open","ping_status":"open","sticky":false,"template":"","format":"standard","meta":{"_monsterinsights_skip_tracking":false,"_monsterinsights_sitenote_active":false,"_monsterinsights_sitenote_note":"","_monsterinsights_sitenote_category":0,"footnotes":""},"categories":[32],"tags":[],"class_list":["post-4202","post","type-post","status-publish","format-standard","has-post-thumbnail","hentry","category-sin-categoria"],"yoast_head":"<!-- This site is optimized with the Yoast SEO plugin v27.4 - https:\/\/yoast.com\/product\/yoast-seo-wordpress\/ -->\n<title>Una habitaci\u00f3n con vistas - CHARMED BY SPAIN<\/title>\n<meta name=\"robots\" content=\"index, follow, max-snippet:-1, max-image-preview:large, max-video-preview:-1\" \/>\n<link rel=\"canonical\" href=\"https:\/\/www.charmedbyspain.com\/es\/una-habitacion-con-vistas\/\" \/>\n<meta property=\"og:locale\" content=\"es_ES\" \/>\n<meta property=\"og:type\" content=\"article\" \/>\n<meta property=\"og:title\" content=\"Una habitaci\u00f3n con vistas - CHARMED BY SPAIN\" \/>\n<meta property=\"og:description\" content=\"Cuando E.M. Forster escribi\u00f3 su obra maestra en 1908, eligi\u00f3 un planteamiento aparentemente fr\u00edvolo como punto de partida: Lucy -su joven protagonista-\u00a0y su\u00a0prima Charlotte, de viaje por Italia,\u00a0sufren una decepci\u00f3n cuando su hotel en Florencia les facilita una habitaci\u00f3n que da a un patio interior, en [&hellip;]\" \/>\n<meta property=\"og:url\" content=\"https:\/\/www.charmedbyspain.com\/es\/una-habitacion-con-vistas\/\" \/>\n<meta property=\"og:site_name\" content=\"CHARMED BY SPAIN\" \/>\n<meta property=\"article:published_time\" content=\"2015-05-22T15:50:24+00:00\" \/>\n<meta property=\"article:modified_time\" content=\"2015-05-24T06:44:24+00:00\" \/>\n<meta property=\"og:image\" content=\"https:\/\/www.charmedbyspain.com\/wp-content\/uploads\/2015\/05\/vistas.jpg\" \/>\n\t<meta property=\"og:image:width\" content=\"1644\" \/>\n\t<meta property=\"og:image:height\" content=\"1156\" \/>\n\t<meta property=\"og:image:type\" content=\"image\/jpeg\" \/>\n<meta name=\"author\" content=\"Charmed by Spain\" \/>\n<meta name=\"twitter:label1\" content=\"Escrito por\" \/>\n\t<meta name=\"twitter:data1\" content=\"Charmed by Spain\" \/>\n\t<meta name=\"twitter:label2\" content=\"Tiempo de lectura\" \/>\n\t<meta name=\"twitter:data2\" content=\"3 minutos\" \/>\n<script type=\"application\/ld+json\" class=\"yoast-schema-graph\">{\"@context\":\"https:\\\/\\\/schema.org\",\"@graph\":[{\"@type\":\"Article\",\"@id\":\"https:\\\/\\\/www.charmedbyspain.com\\\/es\\\/una-habitacion-con-vistas\\\/#article\",\"isPartOf\":{\"@id\":\"https:\\\/\\\/www.charmedbyspain.com\\\/es\\\/una-habitacion-con-vistas\\\/\"},\"author\":{\"name\":\"Charmed by Spain\",\"@id\":\"http:\\\/\\\/www.charmedbyspain.com\\\/#\\\/schema\\\/person\\\/637ffad368dbb121dccf7d8420572b02\"},\"headline\":\"Una habitaci\u00f3n con vistas\",\"datePublished\":\"2015-05-22T15:50:24+00:00\",\"dateModified\":\"2015-05-24T06:44:24+00:00\",\"mainEntityOfPage\":{\"@id\":\"https:\\\/\\\/www.charmedbyspain.com\\\/es\\\/una-habitacion-con-vistas\\\/\"},\"wordCount\":527,\"commentCount\":2,\"image\":{\"@id\":\"https:\\\/\\\/www.charmedbyspain.com\\\/es\\\/una-habitacion-con-vistas\\\/#primaryimage\"},\"thumbnailUrl\":\"https:\\\/\\\/www.charmedbyspain.com\\\/wp-content\\\/uploads\\\/2015\\\/05\\\/vistas.jpg\",\"inLanguage\":\"es\",\"potentialAction\":[{\"@type\":\"CommentAction\",\"name\":\"Comment\",\"target\":[\"https:\\\/\\\/www.charmedbyspain.com\\\/es\\\/una-habitacion-con-vistas\\\/#respond\"]}]},{\"@type\":\"WebPage\",\"@id\":\"https:\\\/\\\/www.charmedbyspain.com\\\/es\\\/una-habitacion-con-vistas\\\/\",\"url\":\"https:\\\/\\\/www.charmedbyspain.com\\\/es\\\/una-habitacion-con-vistas\\\/\",\"name\":\"Una habitaci\u00f3n con vistas - CHARMED BY SPAIN\",\"isPartOf\":{\"@id\":\"http:\\\/\\\/www.charmedbyspain.com\\\/#website\"},\"primaryImageOfPage\":{\"@id\":\"https:\\\/\\\/www.charmedbyspain.com\\\/es\\\/una-habitacion-con-vistas\\\/#primaryimage\"},\"image\":{\"@id\":\"https:\\\/\\\/www.charmedbyspain.com\\\/es\\\/una-habitacion-con-vistas\\\/#primaryimage\"},\"thumbnailUrl\":\"https:\\\/\\\/www.charmedbyspain.com\\\/wp-content\\\/uploads\\\/2015\\\/05\\\/vistas.jpg\",\"datePublished\":\"2015-05-22T15:50:24+00:00\",\"dateModified\":\"2015-05-24T06:44:24+00:00\",\"author\":{\"@id\":\"http:\\\/\\\/www.charmedbyspain.com\\\/#\\\/schema\\\/person\\\/637ffad368dbb121dccf7d8420572b02\"},\"breadcrumb\":{\"@id\":\"https:\\\/\\\/www.charmedbyspain.com\\\/es\\\/una-habitacion-con-vistas\\\/#breadcrumb\"},\"inLanguage\":\"es\",\"potentialAction\":[{\"@type\":\"ReadAction\",\"target\":[\"https:\\\/\\\/www.charmedbyspain.com\\\/es\\\/una-habitacion-con-vistas\\\/\"]}]},{\"@type\":\"ImageObject\",\"inLanguage\":\"es\",\"@id\":\"https:\\\/\\\/www.charmedbyspain.com\\\/es\\\/una-habitacion-con-vistas\\\/#primaryimage\",\"url\":\"https:\\\/\\\/www.charmedbyspain.com\\\/wp-content\\\/uploads\\\/2015\\\/05\\\/vistas.jpg\",\"contentUrl\":\"https:\\\/\\\/www.charmedbyspain.com\\\/wp-content\\\/uploads\\\/2015\\\/05\\\/vistas.jpg\",\"width\":1644,\"height\":1156},{\"@type\":\"BreadcrumbList\",\"@id\":\"https:\\\/\\\/www.charmedbyspain.com\\\/es\\\/una-habitacion-con-vistas\\\/#breadcrumb\",\"itemListElement\":[{\"@type\":\"ListItem\",\"position\":1,\"name\":\"Home\",\"item\":\"https:\\\/\\\/www.charmedbyspain.com\\\/es\\\/\"},{\"@type\":\"ListItem\",\"position\":2,\"name\":\"Una habitaci\u00f3n con vistas\"}]},{\"@type\":\"WebSite\",\"@id\":\"http:\\\/\\\/www.charmedbyspain.com\\\/#website\",\"url\":\"http:\\\/\\\/www.charmedbyspain.com\\\/\",\"name\":\"CHARMED BY SPAIN\",\"description\":\"A dedicated team, experts in Taylor made luxury travel in Spain\",\"potentialAction\":[{\"@type\":\"SearchAction\",\"target\":{\"@type\":\"EntryPoint\",\"urlTemplate\":\"http:\\\/\\\/www.charmedbyspain.com\\\/?s={search_term_string}\"},\"query-input\":{\"@type\":\"PropertyValueSpecification\",\"valueRequired\":true,\"valueName\":\"search_term_string\"}}],\"inLanguage\":\"es\"},{\"@type\":\"Person\",\"@id\":\"http:\\\/\\\/www.charmedbyspain.com\\\/#\\\/schema\\\/person\\\/637ffad368dbb121dccf7d8420572b02\",\"name\":\"Charmed by Spain\",\"image\":{\"@type\":\"ImageObject\",\"inLanguage\":\"es\",\"@id\":\"https:\\\/\\\/secure.gravatar.com\\\/avatar\\\/9eb137f1bcd3a23f341f8bf43656e1204f5927a964788c929335465c71232215?s=96&d=mm&r=g\",\"url\":\"https:\\\/\\\/secure.gravatar.com\\\/avatar\\\/9eb137f1bcd3a23f341f8bf43656e1204f5927a964788c929335465c71232215?s=96&d=mm&r=g\",\"contentUrl\":\"https:\\\/\\\/secure.gravatar.com\\\/avatar\\\/9eb137f1bcd3a23f341f8bf43656e1204f5927a964788c929335465c71232215?s=96&d=mm&r=g\",\"caption\":\"Charmed by Spain\"},\"url\":\"https:\\\/\\\/www.charmedbyspain.com\\\/es\\\/author\\\/cliente\\\/\"}]}<\/script>\n<!-- \/ Yoast SEO plugin. -->","yoast_head_json":{"title":"Una habitaci\u00f3n con vistas - CHARMED BY SPAIN","robots":{"index":"index","follow":"follow","max-snippet":"max-snippet:-1","max-image-preview":"max-image-preview:large","max-video-preview":"max-video-preview:-1"},"canonical":"https:\/\/www.charmedbyspain.com\/es\/una-habitacion-con-vistas\/","og_locale":"es_ES","og_type":"article","og_title":"Una habitaci\u00f3n con vistas - CHARMED BY SPAIN","og_description":"Cuando E.M. Forster escribi\u00f3 su obra maestra en 1908, eligi\u00f3 un planteamiento aparentemente fr\u00edvolo como punto de partida: Lucy -su joven protagonista-\u00a0y su\u00a0prima Charlotte, de viaje por Italia,\u00a0sufren una decepci\u00f3n cuando su hotel en Florencia les facilita una habitaci\u00f3n que da a un patio interior, en [&hellip;]","og_url":"https:\/\/www.charmedbyspain.com\/es\/una-habitacion-con-vistas\/","og_site_name":"CHARMED BY SPAIN","article_published_time":"2015-05-22T15:50:24+00:00","article_modified_time":"2015-05-24T06:44:24+00:00","og_image":[{"width":1644,"height":1156,"url":"https:\/\/www.charmedbyspain.com\/wp-content\/uploads\/2015\/05\/vistas.jpg","type":"image\/jpeg"}],"author":"Charmed by Spain","twitter_misc":{"Escrito por":"Charmed by Spain","Tiempo de lectura":"3 minutos"},"schema":{"@context":"https:\/\/schema.org","@graph":[{"@type":"Article","@id":"https:\/\/www.charmedbyspain.com\/es\/una-habitacion-con-vistas\/#article","isPartOf":{"@id":"https:\/\/www.charmedbyspain.com\/es\/una-habitacion-con-vistas\/"},"author":{"name":"Charmed by Spain","@id":"http:\/\/www.charmedbyspain.com\/#\/schema\/person\/637ffad368dbb121dccf7d8420572b02"},"headline":"Una habitaci\u00f3n con vistas","datePublished":"2015-05-22T15:50:24+00:00","dateModified":"2015-05-24T06:44:24+00:00","mainEntityOfPage":{"@id":"https:\/\/www.charmedbyspain.com\/es\/una-habitacion-con-vistas\/"},"wordCount":527,"commentCount":2,"image":{"@id":"https:\/\/www.charmedbyspain.com\/es\/una-habitacion-con-vistas\/#primaryimage"},"thumbnailUrl":"https:\/\/www.charmedbyspain.com\/wp-content\/uploads\/2015\/05\/vistas.jpg","inLanguage":"es","potentialAction":[{"@type":"CommentAction","name":"Comment","target":["https:\/\/www.charmedbyspain.com\/es\/una-habitacion-con-vistas\/#respond"]}]},{"@type":"WebPage","@id":"https:\/\/www.charmedbyspain.com\/es\/una-habitacion-con-vistas\/","url":"https:\/\/www.charmedbyspain.com\/es\/una-habitacion-con-vistas\/","name":"Una habitaci\u00f3n con vistas - CHARMED BY SPAIN","isPartOf":{"@id":"http:\/\/www.charmedbyspain.com\/#website"},"primaryImageOfPage":{"@id":"https:\/\/www.charmedbyspain.com\/es\/una-habitacion-con-vistas\/#primaryimage"},"image":{"@id":"https:\/\/www.charmedbyspain.com\/es\/una-habitacion-con-vistas\/#primaryimage"},"thumbnailUrl":"https:\/\/www.charmedbyspain.com\/wp-content\/uploads\/2015\/05\/vistas.jpg","datePublished":"2015-05-22T15:50:24+00:00","dateModified":"2015-05-24T06:44:24+00:00","author":{"@id":"http:\/\/www.charmedbyspain.com\/#\/schema\/person\/637ffad368dbb121dccf7d8420572b02"},"breadcrumb":{"@id":"https:\/\/www.charmedbyspain.com\/es\/una-habitacion-con-vistas\/#breadcrumb"},"inLanguage":"es","potentialAction":[{"@type":"ReadAction","target":["https:\/\/www.charmedbyspain.com\/es\/una-habitacion-con-vistas\/"]}]},{"@type":"ImageObject","inLanguage":"es","@id":"https:\/\/www.charmedbyspain.com\/es\/una-habitacion-con-vistas\/#primaryimage","url":"https:\/\/www.charmedbyspain.com\/wp-content\/uploads\/2015\/05\/vistas.jpg","contentUrl":"https:\/\/www.charmedbyspain.com\/wp-content\/uploads\/2015\/05\/vistas.jpg","width":1644,"height":1156},{"@type":"BreadcrumbList","@id":"https:\/\/www.charmedbyspain.com\/es\/una-habitacion-con-vistas\/#breadcrumb","itemListElement":[{"@type":"ListItem","position":1,"name":"Home","item":"https:\/\/www.charmedbyspain.com\/es\/"},{"@type":"ListItem","position":2,"name":"Una habitaci\u00f3n con vistas"}]},{"@type":"WebSite","@id":"http:\/\/www.charmedbyspain.com\/#website","url":"http:\/\/www.charmedbyspain.com\/","name":"CHARMED BY SPAIN","description":"A dedicated team, experts in Taylor made luxury travel in Spain","potentialAction":[{"@type":"SearchAction","target":{"@type":"EntryPoint","urlTemplate":"http:\/\/www.charmedbyspain.com\/?s={search_term_string}"},"query-input":{"@type":"PropertyValueSpecification","valueRequired":true,"valueName":"search_term_string"}}],"inLanguage":"es"},{"@type":"Person","@id":"http:\/\/www.charmedbyspain.com\/#\/schema\/person\/637ffad368dbb121dccf7d8420572b02","name":"Charmed by Spain","image":{"@type":"ImageObject","inLanguage":"es","@id":"https:\/\/secure.gravatar.com\/avatar\/9eb137f1bcd3a23f341f8bf43656e1204f5927a964788c929335465c71232215?s=96&d=mm&r=g","url":"https:\/\/secure.gravatar.com\/avatar\/9eb137f1bcd3a23f341f8bf43656e1204f5927a964788c929335465c71232215?s=96&d=mm&r=g","contentUrl":"https:\/\/secure.gravatar.com\/avatar\/9eb137f1bcd3a23f341f8bf43656e1204f5927a964788c929335465c71232215?s=96&d=mm&r=g","caption":"Charmed by Spain"},"url":"https:\/\/www.charmedbyspain.com\/es\/author\/cliente\/"}]}},"_links":{"self":[{"href":"https:\/\/www.charmedbyspain.com\/es\/wp-json\/wp\/v2\/posts\/4202","targetHints":{"allow":["GET"]}}],"collection":[{"href":"https:\/\/www.charmedbyspain.com\/es\/wp-json\/wp\/v2\/posts"}],"about":[{"href":"https:\/\/www.charmedbyspain.com\/es\/wp-json\/wp\/v2\/types\/post"}],"author":[{"embeddable":true,"href":"https:\/\/www.charmedbyspain.com\/es\/wp-json\/wp\/v2\/users\/2"}],"replies":[{"embeddable":true,"href":"https:\/\/www.charmedbyspain.com\/es\/wp-json\/wp\/v2\/comments?post=4202"}],"version-history":[{"count":5,"href":"https:\/\/www.charmedbyspain.com\/es\/wp-json\/wp\/v2\/posts\/4202\/revisions"}],"predecessor-version":[{"id":4210,"href":"https:\/\/www.charmedbyspain.com\/es\/wp-json\/wp\/v2\/posts\/4202\/revisions\/4210"}],"wp:featuredmedia":[{"embeddable":true,"href":"https:\/\/www.charmedbyspain.com\/es\/wp-json\/wp\/v2\/media\/4194"}],"wp:attachment":[{"href":"https:\/\/www.charmedbyspain.com\/es\/wp-json\/wp\/v2\/media?parent=4202"}],"wp:term":[{"taxonomy":"category","embeddable":true,"href":"https:\/\/www.charmedbyspain.com\/es\/wp-json\/wp\/v2\/categories?post=4202"},{"taxonomy":"post_tag","embeddable":true,"href":"https:\/\/www.charmedbyspain.com\/es\/wp-json\/wp\/v2\/tags?post=4202"}],"curies":[{"name":"wp","href":"https:\/\/api.w.org\/{rel}","templated":true}]}}